{"id":7164,"date":"2021-03-12T10:11:38","date_gmt":"2021-03-12T09:11:38","guid":{"rendered":"https:\/\/www.ims-chips.de\/?p=7164"},"modified":"2021-09-17T10:48:30","modified_gmt":"2021-09-17T08:48:30","slug":"microtec-suedwest-clusterkonferenz-digital-2021","status":"publish","type":"post","link":"https:\/\/www.ims-chips.de\/?p=7164","title":{"rendered":"microTEC S\u00fcdwest Clusterkonferenz (digital) 2021"},"content":{"rendered":"\t\t<div data-elementor-type=\"wp-post\" data-elementor-id=\"7164\" class=\"elementor elementor-7164\">\n\t\t\t\t\t\t<section class=\"elementor-section elementor-top-section elementor-element elementor-element-8e921d8 elementor-section-boxed elementor-section-height-default elementor-section-height-default exad-glass-effect-no exad-sticky-section-no\" data-id=\"8e921d8\" data-element_type=\"section\" data-e-type=\"section\">\n\t\t\t\t\t\t<div class=\"elementor-container elementor-column-gap-default\">\n\t\t\t\t\t<div class=\"elementor-column elementor-col-100 elementor-top-column elementor-element elementor-element-8898761 exad-glass-effect-no exad-sticky-section-no\" data-id=\"8898761\" data-element_type=\"column\" data-e-type=\"column\">\n\t\t\t<div class=\"elementor-widget-wrap elementor-element-populated\">\n\t\t\t\t\t\t<div class=\"elementor-element elementor-element-13410c2 exad-sticky-section-no exad-glass-effect-no elementor-widget elementor-widget-heading\" data-id=\"13410c2\" data-element_type=\"widget\" data-e-type=\"widget\" data-widget_type=\"heading.default\">\n\t\t\t\t<div class=\"elementor-widget-container\">\n\t\t\t\t\t<h3 class=\"elementor-heading-title elementor-size-default\">microTEC S\u00fcdwest Clusterkonferenz (digital) 2021<\/h3>\t\t\t\t<\/div>\n\t\t\t\t<\/div>\n\t\t\t\t\t<\/div>\n\t\t<\/div>\n\t\t\t\t\t<\/div>\n\t\t<\/section>\n\t\t\t\t<section class=\"elementor-section elementor-top-section elementor-element elementor-element-f0a2152 elementor-section-boxed elementor-section-height-default elementor-section-height-default exad-glass-effect-no exad-sticky-section-no\" data-id=\"f0a2152\" data-element_type=\"section\" data-e-type=\"section\">\n\t\t\t\t\t\t<div class=\"elementor-container elementor-column-gap-default\">\n\t\t\t\t\t<div class=\"elementor-column elementor-col-50 elementor-top-column elementor-element elementor-element-47cb302 exad-glass-effect-no exad-sticky-section-no\" data-id=\"47cb302\" data-element_type=\"column\" data-e-type=\"column\">\n\t\t\t<div class=\"elementor-widget-wrap elementor-element-populated\">\n\t\t\t\t\t\t<div class=\"elementor-element elementor-element-c678bc4 exad-sticky-section-no exad-glass-effect-no elementor-widget elementor-widget-image\" data-id=\"c678bc4\" data-element_type=\"widget\" data-e-type=\"widget\" data-widget_type=\"image.default\">\n\t\t\t\t<div class=\"elementor-widget-container\">\n\t\t\t\t\t\t\t\t\t\t\t\t\t\t\t<img fetchpriority=\"high\" decoding=\"async\" width=\"344\" height=\"211\" src=\"https:\/\/www.ims-chips.de\/wp-content\/uploads\/2021\/03\/News_Bild_Clusterkonferenz_21.jpg\" class=\"attachment-full size-full wp-image-7155\" alt=\"Clusterkonferenz 2021\" srcset=\"https:\/\/www.ims-chips.de\/wp-content\/uploads\/2021\/03\/News_Bild_Clusterkonferenz_21.jpg 344w, https:\/\/www.ims-chips.de\/wp-content\/uploads\/2021\/03\/News_Bild_Clusterkonferenz_21-300x184.jpg 300w\" sizes=\"(max-width: 344px) 100vw, 344px\" \/>\t\t\t\t\t\t\t\t\t\t\t\t\t\t\t<\/div>\n\t\t\t\t<\/div>\n\t\t\t\t<div class=\"elementor-element elementor-element-2ab08c9 exad-sticky-section-no exad-glass-effect-no elementor-widget elementor-widget-text-editor\" data-id=\"2ab08c9\" data-element_type=\"widget\" data-e-type=\"widget\" data-widget_type=\"text-editor.default\">\n\t\t\t\t<div class=\"elementor-widget-container\">\n\t\t\t\t\t\t\t\t\t<p>16. &#8211; 18. M\u00e4rz 2021<\/p>\t\t\t\t\t\t\t\t<\/div>\n\t\t\t\t<\/div>\n\t\t\t\t\t<\/div>\n\t\t<\/div>\n\t\t\t\t<div class=\"elementor-column elementor-col-50 elementor-top-column elementor-element elementor-element-a38a922 exad-glass-effect-no exad-sticky-section-no\" data-id=\"a38a922\" data-element_type=\"column\" data-e-type=\"column\">\n\t\t\t<div class=\"elementor-widget-wrap elementor-element-populated\">\n\t\t\t\t\t\t<div class=\"elementor-element elementor-element-e12bca9 exad-sticky-section-no exad-glass-effect-no elementor-widget elementor-widget-text-editor\" data-id=\"e12bca9\" data-element_type=\"widget\" data-e-type=\"widget\" data-widget_type=\"text-editor.default\">\n\t\t\t\t<div class=\"elementor-widget-container\">\n\t\t\t\t\t\t\t\t\t<p>Das IMS ist mit drei Vortr\u00e4gen auf der Clusterkonferenz (digital) 2021 vertreten.<\/p><p><\/p>\t\t\t\t\t\t\t\t<\/div>\n\t\t\t\t<\/div>\n\t\t\t\t\t<\/div>\n\t\t<\/div>\n\t\t\t\t\t<\/div>\n\t\t<\/section>\n\t\t\t\t<section class=\"elementor-section elementor-top-section elementor-element elementor-element-e473d51 elementor-section-boxed elementor-section-height-default elementor-section-height-default exad-glass-effect-no exad-sticky-section-no\" data-id=\"e473d51\" data-element_type=\"section\" data-e-type=\"section\">\n\t\t\t\t\t\t<div class=\"elementor-container elementor-column-gap-default\">\n\t\t\t\t\t<div class=\"elementor-column elementor-col-100 elementor-top-column elementor-element elementor-element-86d5411 exad-glass-effect-no exad-sticky-section-no\" data-id=\"86d5411\" data-element_type=\"column\" data-e-type=\"column\">\n\t\t\t<div class=\"elementor-widget-wrap elementor-element-populated\">\n\t\t\t\t\t\t<div class=\"elementor-element elementor-element-4c46665 exad-sticky-section-no exad-glass-effect-no elementor-widget elementor-widget-text-editor\" data-id=\"4c46665\" data-element_type=\"widget\" data-e-type=\"widget\" data-widget_type=\"text-editor.default\">\n\t\t\t\t<div class=\"elementor-widget-container\">\n\t\t\t\t\t\t\t\t\t<p>Session 1: \u201eKI: neuromorph &amp; embedded\u201c <br \/>Dienstag 16. M\u00e4rz 2021, 10:15 Uhr <br \/><br \/>Dr. Christian Burwick <br \/><strong>\u201eMikroelektronik f\u00fcr KI &#8211; neuromorphe Hardware\u201c<\/strong> <br \/><br \/><br \/>Session 7: \u201eFlexible und hybride Systeme\u201c <br \/>Mittwoch 17. M\u00e4rz 2021, 15:15 Uhr <br \/><br \/>Dr. Bj\u00f6rn Albrecht <br \/><strong>\u201eFlexibles Package f\u00fcr die Integration von ultra-d\u00fcnnen Sensoren und Auslesechips\u201c<\/strong> <br \/><br \/><br \/>Session 8: \u201eCyber-physische Systeme (CPS) made in Baden-W\u00fcrttemberg\u201c <br \/>Donnerstag 18. M\u00e4rz 2021, 10:15 Uhr <br \/><br \/>Thomas Deuble <br \/><strong>\u201eMultiSense: integrierte Sensorauswerteschaltung f\u00fcr Umweltdaten\u201c<\/strong> <\/p>\t\t\t\t\t\t\t\t<\/div>\n\t\t\t\t<\/div>\n\t\t\t\t\t<\/div>\n\t\t<\/div>\n\t\t\t\t\t<\/div>\n\t\t<\/section>\n\t\t\t\t<section class=\"elementor-section elementor-top-section elementor-element elementor-element-49b274a elementor-section-boxed elementor-section-height-default elementor-section-height-default exad-glass-effect-no exad-sticky-section-no\" data-id=\"49b274a\" data-element_type=\"section\" data-e-type=\"section\" data-settings=\"{&quot;background_background&quot;:&quot;classic&quot;}\">\n\t\t\t\t\t\t<div class=\"elementor-container elementor-column-gap-default\">\n\t\t\t\t\t<div class=\"elementor-column elementor-col-100 elementor-top-column elementor-element elementor-element-4fcfc74 exad-glass-effect-no exad-sticky-section-no\" data-id=\"4fcfc74\" data-element_type=\"column\" data-e-type=\"column\">\n\t\t\t<div class=\"elementor-widget-wrap elementor-element-populated\">\n\t\t\t\t\t\t<div class=\"elementor-element elementor-element-70de8ce exad-sticky-section-no exad-glass-effect-no elementor-widget elementor-widget-text-editor\" data-id=\"70de8ce\" data-element_type=\"widget\" data-e-type=\"widget\" data-widget_type=\"text-editor.default\">\n\t\t\t\t<div class=\"elementor-widget-container\">\n\t\t\t\t\t\t\t\t\t<p>Weitere Informationen zur Clusterkonferenz finden Sie auf folgender Website:<\/p><p><a href=\"https:\/\/microtec-suedwest.de\" target=\"_blank\" rel=\"noopener\">microtec-suedwest.de<\/a><\/p>\t\t\t\t\t\t\t\t<\/div>\n\t\t\t\t<\/div>\n\t\t\t\t\t<\/div>\n\t\t<\/div>\n\t\t\t\t\t<\/div>\n\t\t<\/section>\n\t\t\t\t<section class=\"elementor-section elementor-top-section elementor-element elementor-element-213b5b2 elementor-section-boxed elementor-section-height-default elementor-section-height-default exad-glass-effect-no exad-sticky-section-no\" data-id=\"213b5b2\" data-element_type=\"section\" data-e-type=\"section\">\n\t\t\t\t\t\t<div class=\"elementor-container elementor-column-gap-default\">\n\t\t\t\t\t<div class=\"elementor-column elementor-col-100 elementor-top-column elementor-element elementor-element-702fafb exad-glass-effect-no exad-sticky-section-no\" data-id=\"702fafb\" data-element_type=\"column\" data-e-type=\"column\">\n\t\t\t<div class=\"elementor-widget-wrap elementor-element-populated\">\n\t\t\t\t\t\t<div class=\"elementor-element elementor-element-eaed0d7 exad-sticky-section-no exad-glass-effect-no elementor-widget elementor-widget-spacer\" data-id=\"eaed0d7\" data-element_type=\"widget\" data-e-type=\"widget\" data-widget_type=\"spacer.default\">\n\t\t\t\t<div class=\"elementor-widget-container\">\n\t\t\t\t\t\t\t<div class=\"elementor-spacer\">\n\t\t\t<div class=\"elementor-spacer-inner\"><\/div>\n\t\t<\/div>\n\t\t\t\t\t\t<\/div>\n\t\t\t\t<\/div>\n\t\t\t\t\t<\/div>\n\t\t<\/div>\n\t\t\t\t\t<\/div>\n\t\t<\/section>\n\t\t\t\t<\/div>\n\t\t","protected":false},"excerpt":{"rendered":"<p>Das IMS ist mit drei Vortr\u00e4gen auf der Clusterkonferenz (digital) 2021 vertreten.<\/p>\n","protected":false},"author":1,"featured_media":7155,"comment_status":"closed","ping_status":"closed","sticky":false,"template":"","format":"standard","meta":{"footnotes":""},"categories":[7],"tags":[],"class_list":["post-7164","post","type-post","status-publish","format-standard","has-post-thumbnail","hentry","category-archiv"],"yoast_head":"<!-- This site is optimized with the Yoast SEO plugin v27.4 - https:\/\/yoast.com\/product\/yoast-seo-wordpress\/ -->\n<title>microTEC S\u00fcdwest Clusterkonferenz (digital) 2021 - Institut f\u00fcr Mikroelektronik Stuttgart<\/title>\n<meta name=\"description\" content=\"Das IMS ist mit drei Vortr\u00e4gen auf der Clusterkonferenz (digital) 2021 vertreten.\" \/>\n<meta name=\"robots\" content=\"index, follow, max-snippet:-1, max-image-preview:large, max-video-preview:-1\" \/>\n<link rel=\"canonical\" href=\"https:\/\/www.ims-chips.de\/?p=7164\" \/>\n<meta property=\"og:locale\" content=\"de_DE\" \/>\n<meta property=\"og:type\" content=\"article\" \/>\n<meta property=\"og:title\" content=\"microTEC S\u00fcdwest Clusterkonferenz (digital) 2021 - Institut f\u00fcr Mikroelektronik Stuttgart\" \/>\n<meta property=\"og:description\" content=\"Das IMS ist mit drei Vortr\u00e4gen auf der Clusterkonferenz (digital) 2021 vertreten.\" \/>\n<meta property=\"og:url\" content=\"https:\/\/www.ims-chips.de\/?p=7164\" \/>\n<meta property=\"og:site_name\" content=\"Institut f\u00fcr Mikroelektronik Stuttgart\" \/>\n<meta property=\"article:published_time\" content=\"2021-03-12T09:11:38+00:00\" \/>\n<meta property=\"article:modified_time\" content=\"2021-09-17T08:48:30+00:00\" \/>\n<meta property=\"og:image\" content=\"https:\/\/www.ims-chips.de\/wp-content\/uploads\/2021\/03\/News_Bild_Clusterkonferenz_21.jpg\" \/>\n\t<meta property=\"og:image:width\" content=\"344\" \/>\n\t<meta property=\"og:image:height\" content=\"211\" \/>\n\t<meta property=\"og:image:type\" content=\"image\/jpeg\" \/>\n<meta name=\"author\" content=\"meier\" \/>\n<meta name=\"twitter:card\" content=\"summary_large_image\" \/>\n<meta name=\"twitter:label1\" content=\"Verfasst von\" \/>\n\t<meta name=\"twitter:data1\" content=\"meier\" \/>\n\t<meta name=\"twitter:label2\" content=\"Gesch\u00e4tzte Lesezeit\" \/>\n\t<meta name=\"twitter:data2\" content=\"1\u00a0Minute\" \/>\n<script type=\"application\/ld+json\" class=\"yoast-schema-graph\">{\"@context\":\"https:\\\/\\\/schema.org\",\"@graph\":[{\"@type\":\"Article\",\"@id\":\"https:\\\/\\\/www.ims-chips.de\\\/?p=7164#article\",\"isPartOf\":{\"@id\":\"https:\\\/\\\/www.ims-chips.de\\\/?p=7164\"},\"author\":{\"name\":\"meier\",\"@id\":\"https:\\\/\\\/www.ims-chips.de\\\/#\\\/schema\\\/person\\\/9839fb63530e7563aa83867413b8c6e7\"},\"headline\":\"microTEC S\u00fcdwest Clusterkonferenz (digital) 2021\",\"datePublished\":\"2021-03-12T09:11:38+00:00\",\"dateModified\":\"2021-09-17T08:48:30+00:00\",\"mainEntityOfPage\":{\"@id\":\"https:\\\/\\\/www.ims-chips.de\\\/?p=7164\"},\"wordCount\":100,\"publisher\":{\"@id\":\"https:\\\/\\\/www.ims-chips.de\\\/#organization\"},\"image\":{\"@id\":\"https:\\\/\\\/www.ims-chips.de\\\/?p=7164#primaryimage\"},\"thumbnailUrl\":\"https:\\\/\\\/www.ims-chips.de\\\/wp-content\\\/uploads\\\/2021\\\/03\\\/News_Bild_Clusterkonferenz_21.jpg\",\"articleSection\":[\"Archiv\"],\"inLanguage\":\"de\"},{\"@type\":\"WebPage\",\"@id\":\"https:\\\/\\\/www.ims-chips.de\\\/?p=7164\",\"url\":\"https:\\\/\\\/www.ims-chips.de\\\/?p=7164\",\"name\":\"microTEC S\u00fcdwest Clusterkonferenz (digital) 2021 - Institut f\u00fcr Mikroelektronik Stuttgart\",\"isPartOf\":{\"@id\":\"https:\\\/\\\/www.ims-chips.de\\\/#website\"},\"primaryImageOfPage\":{\"@id\":\"https:\\\/\\\/www.ims-chips.de\\\/?p=7164#primaryimage\"},\"image\":{\"@id\":\"https:\\\/\\\/www.ims-chips.de\\\/?p=7164#primaryimage\"},\"thumbnailUrl\":\"https:\\\/\\\/www.ims-chips.de\\\/wp-content\\\/uploads\\\/2021\\\/03\\\/News_Bild_Clusterkonferenz_21.jpg\",\"datePublished\":\"2021-03-12T09:11:38+00:00\",\"dateModified\":\"2021-09-17T08:48:30+00:00\",\"description\":\"Das IMS ist mit drei Vortr\u00e4gen auf der Clusterkonferenz (digital) 2021 vertreten.\",\"breadcrumb\":{\"@id\":\"https:\\\/\\\/www.ims-chips.de\\\/?p=7164#breadcrumb\"},\"inLanguage\":\"de\",\"potentialAction\":[{\"@type\":\"ReadAction\",\"target\":[\"https:\\\/\\\/www.ims-chips.de\\\/?p=7164\"]}]},{\"@type\":\"ImageObject\",\"inLanguage\":\"de\",\"@id\":\"https:\\\/\\\/www.ims-chips.de\\\/?p=7164#primaryimage\",\"url\":\"https:\\\/\\\/www.ims-chips.de\\\/wp-content\\\/uploads\\\/2021\\\/03\\\/News_Bild_Clusterkonferenz_21.jpg\",\"contentUrl\":\"https:\\\/\\\/www.ims-chips.de\\\/wp-content\\\/uploads\\\/2021\\\/03\\\/News_Bild_Clusterkonferenz_21.jpg\",\"width\":344,\"height\":211,\"caption\":\"Clusterkonferenz 2021\"},{\"@type\":\"BreadcrumbList\",\"@id\":\"https:\\\/\\\/www.ims-chips.de\\\/?p=7164#breadcrumb\",\"itemListElement\":[{\"@type\":\"ListItem\",\"position\":1,\"name\":\"Startseite\",\"item\":\"https:\\\/\\\/www.ims-chips.de\\\/\"},{\"@type\":\"ListItem\",\"position\":2,\"name\":\"microTEC S\u00fcdwest Clusterkonferenz (digital) 2021\"}]},{\"@type\":\"WebSite\",\"@id\":\"https:\\\/\\\/www.ims-chips.de\\\/#website\",\"url\":\"https:\\\/\\\/www.ims-chips.de\\\/\",\"name\":\"Institut f\u00fcr Mikroelektronik Stuttgart\",\"description\":\"\",\"publisher\":{\"@id\":\"https:\\\/\\\/www.ims-chips.de\\\/#organization\"},\"potentialAction\":[{\"@type\":\"SearchAction\",\"target\":{\"@type\":\"EntryPoint\",\"urlTemplate\":\"https:\\\/\\\/www.ims-chips.de\\\/?s={search_term_string}\"},\"query-input\":{\"@type\":\"PropertyValueSpecification\",\"valueRequired\":true,\"valueName\":\"search_term_string\"}}],\"inLanguage\":\"de\"},{\"@type\":\"Organization\",\"@id\":\"https:\\\/\\\/www.ims-chips.de\\\/#organization\",\"name\":\"Institut f\u00fcr Mikroelektronik Stuttgart\",\"alternateName\":\"IMS CHIPS\",\"url\":\"https:\\\/\\\/www.ims-chips.de\\\/\",\"logo\":{\"@type\":\"ImageObject\",\"inLanguage\":\"de\",\"@id\":\"https:\\\/\\\/www.ims-chips.de\\\/#\\\/schema\\\/logo\\\/image\\\/\",\"url\":\"https:\\\/\\\/www.ims-chips.de\\\/wp-content\\\/uploads\\\/2020\\\/09\\\/logo_ims.png\",\"contentUrl\":\"https:\\\/\\\/www.ims-chips.de\\\/wp-content\\\/uploads\\\/2020\\\/09\\\/logo_ims.png\",\"width\":262,\"height\":65,\"caption\":\"Institut f\u00fcr Mikroelektronik Stuttgart\"},\"image\":{\"@id\":\"https:\\\/\\\/www.ims-chips.de\\\/#\\\/schema\\\/logo\\\/image\\\/\"}},{\"@type\":\"Person\",\"@id\":\"https:\\\/\\\/www.ims-chips.de\\\/#\\\/schema\\\/person\\\/9839fb63530e7563aa83867413b8c6e7\",\"name\":\"meier\",\"sameAs\":[\"https:\\\/\\\/www.ims-chips.de\"]}]}<\/script>\n<!-- \/ Yoast SEO plugin. -->","yoast_head_json":{"title":"microTEC S\u00fcdwest Clusterkonferenz (digital) 2021 - Institut f\u00fcr Mikroelektronik Stuttgart","description":"Das IMS ist mit drei Vortr\u00e4gen auf der Clusterkonferenz (digital) 2021 vertreten.","robots":{"index":"index","follow":"follow","max-snippet":"max-snippet:-1","max-image-preview":"max-image-preview:large","max-video-preview":"max-video-preview:-1"},"canonical":"https:\/\/www.ims-chips.de\/?p=7164","og_locale":"de_DE","og_type":"article","og_title":"microTEC S\u00fcdwest Clusterkonferenz (digital) 2021 - Institut f\u00fcr Mikroelektronik Stuttgart","og_description":"Das IMS ist mit drei Vortr\u00e4gen auf der Clusterkonferenz (digital) 2021 vertreten.","og_url":"https:\/\/www.ims-chips.de\/?p=7164","og_site_name":"Institut f\u00fcr Mikroelektronik Stuttgart","article_published_time":"2021-03-12T09:11:38+00:00","article_modified_time":"2021-09-17T08:48:30+00:00","og_image":[{"width":344,"height":211,"url":"https:\/\/www.ims-chips.de\/wp-content\/uploads\/2021\/03\/News_Bild_Clusterkonferenz_21.jpg","type":"image\/jpeg"}],"author":"meier","twitter_card":"summary_large_image","twitter_misc":{"Verfasst von":"meier","Gesch\u00e4tzte Lesezeit":"1\u00a0Minute"},"schema":{"@context":"https:\/\/schema.org","@graph":[{"@type":"Article","@id":"https:\/\/www.ims-chips.de\/?p=7164#article","isPartOf":{"@id":"https:\/\/www.ims-chips.de\/?p=7164"},"author":{"name":"meier","@id":"https:\/\/www.ims-chips.de\/#\/schema\/person\/9839fb63530e7563aa83867413b8c6e7"},"headline":"microTEC S\u00fcdwest Clusterkonferenz (digital) 2021","datePublished":"2021-03-12T09:11:38+00:00","dateModified":"2021-09-17T08:48:30+00:00","mainEntityOfPage":{"@id":"https:\/\/www.ims-chips.de\/?p=7164"},"wordCount":100,"publisher":{"@id":"https:\/\/www.ims-chips.de\/#organization"},"image":{"@id":"https:\/\/www.ims-chips.de\/?p=7164#primaryimage"},"thumbnailUrl":"https:\/\/www.ims-chips.de\/wp-content\/uploads\/2021\/03\/News_Bild_Clusterkonferenz_21.jpg","articleSection":["Archiv"],"inLanguage":"de"},{"@type":"WebPage","@id":"https:\/\/www.ims-chips.de\/?p=7164","url":"https:\/\/www.ims-chips.de\/?p=7164","name":"microTEC S\u00fcdwest Clusterkonferenz (digital) 2021 - Institut f\u00fcr Mikroelektronik Stuttgart","isPartOf":{"@id":"https:\/\/www.ims-chips.de\/#website"},"primaryImageOfPage":{"@id":"https:\/\/www.ims-chips.de\/?p=7164#primaryimage"},"image":{"@id":"https:\/\/www.ims-chips.de\/?p=7164#primaryimage"},"thumbnailUrl":"https:\/\/www.ims-chips.de\/wp-content\/uploads\/2021\/03\/News_Bild_Clusterkonferenz_21.jpg","datePublished":"2021-03-12T09:11:38+00:00","dateModified":"2021-09-17T08:48:30+00:00","description":"Das IMS ist mit drei Vortr\u00e4gen auf der Clusterkonferenz (digital) 2021 vertreten.","breadcrumb":{"@id":"https:\/\/www.ims-chips.de\/?p=7164#breadcrumb"},"inLanguage":"de","potentialAction":[{"@type":"ReadAction","target":["https:\/\/www.ims-chips.de\/?p=7164"]}]},{"@type":"ImageObject","inLanguage":"de","@id":"https:\/\/www.ims-chips.de\/?p=7164#primaryimage","url":"https:\/\/www.ims-chips.de\/wp-content\/uploads\/2021\/03\/News_Bild_Clusterkonferenz_21.jpg","contentUrl":"https:\/\/www.ims-chips.de\/wp-content\/uploads\/2021\/03\/News_Bild_Clusterkonferenz_21.jpg","width":344,"height":211,"caption":"Clusterkonferenz 2021"},{"@type":"BreadcrumbList","@id":"https:\/\/www.ims-chips.de\/?p=7164#breadcrumb","itemListElement":[{"@type":"ListItem","position":1,"name":"Startseite","item":"https:\/\/www.ims-chips.de\/"},{"@type":"ListItem","position":2,"name":"microTEC S\u00fcdwest Clusterkonferenz (digital) 2021"}]},{"@type":"WebSite","@id":"https:\/\/www.ims-chips.de\/#website","url":"https:\/\/www.ims-chips.de\/","name":"Institut f\u00fcr Mikroelektronik Stuttgart","description":"","publisher":{"@id":"https:\/\/www.ims-chips.de\/#organization"},"potentialAction":[{"@type":"SearchAction","target":{"@type":"EntryPoint","urlTemplate":"https:\/\/www.ims-chips.de\/?s={search_term_string}"},"query-input":{"@type":"PropertyValueSpecification","valueRequired":true,"valueName":"search_term_string"}}],"inLanguage":"de"},{"@type":"Organization","@id":"https:\/\/www.ims-chips.de\/#organization","name":"Institut f\u00fcr Mikroelektronik Stuttgart","alternateName":"IMS CHIPS","url":"https:\/\/www.ims-chips.de\/","logo":{"@type":"ImageObject","inLanguage":"de","@id":"https:\/\/www.ims-chips.de\/#\/schema\/logo\/image\/","url":"https:\/\/www.ims-chips.de\/wp-content\/uploads\/2020\/09\/logo_ims.png","contentUrl":"https:\/\/www.ims-chips.de\/wp-content\/uploads\/2020\/09\/logo_ims.png","width":262,"height":65,"caption":"Institut f\u00fcr Mikroelektronik Stuttgart"},"image":{"@id":"https:\/\/www.ims-chips.de\/#\/schema\/logo\/image\/"}},{"@type":"Person","@id":"https:\/\/www.ims-chips.de\/#\/schema\/person\/9839fb63530e7563aa83867413b8c6e7","name":"meier","sameAs":["https:\/\/www.ims-chips.de"]}]}},"_links":{"self":[{"href":"https:\/\/www.ims-chips.de\/index.php?rest_route=\/wp\/v2\/posts\/7164","targetHints":{"allow":["GET"]}}],"collection":[{"href":"https:\/\/www.ims-chips.de\/index.php?rest_route=\/wp\/v2\/posts"}],"about":[{"href":"https:\/\/www.ims-chips.de\/index.php?rest_route=\/wp\/v2\/types\/post"}],"author":[{"embeddable":true,"href":"https:\/\/www.ims-chips.de\/index.php?rest_route=\/wp\/v2\/users\/1"}],"replies":[{"embeddable":true,"href":"https:\/\/www.ims-chips.de\/index.php?rest_route=%2Fwp%2Fv2%2Fcomments&post=7164"}],"version-history":[{"count":0,"href":"https:\/\/www.ims-chips.de\/index.php?rest_route=\/wp\/v2\/posts\/7164\/revisions"}],"wp:featuredmedia":[{"embeddable":true,"href":"https:\/\/www.ims-chips.de\/index.php?rest_route=\/wp\/v2\/media\/7155"}],"wp:attachment":[{"href":"https:\/\/www.ims-chips.de\/index.php?rest_route=%2Fwp%2Fv2%2Fmedia&parent=7164"}],"wp:term":[{"taxonomy":"category","embeddable":true,"href":"https:\/\/www.ims-chips.de\/index.php?rest_route=%2Fwp%2Fv2%2Fcategories&post=7164"},{"taxonomy":"post_tag","embeddable":true,"href":"https:\/\/www.ims-chips.de\/index.php?rest_route=%2Fwp%2Fv2%2Ftags&post=7164"}],"curies":[{"name":"wp","href":"https:\/\/api.w.org\/{rel}","templated":true}]}}