{"id":13748,"date":"2026-04-27T10:53:41","date_gmt":"2026-04-27T08:53:41","guid":{"rendered":"https:\/\/www.ims-chips.de\/?p=13748"},"modified":"2026-04-27T11:01:18","modified_gmt":"2026-04-27T09:01:18","slug":"foerderung-der-innovationsallianz-baden-wuerttemberg-2026","status":"publish","type":"post","link":"https:\/\/www.ims-chips.de\/?p=13748","title":{"rendered":"F\u00f6rderung der Innovationsallianz Baden-W\u00fcrttemberg 2026"},"content":{"rendered":"\t\t<div data-elementor-type=\"wp-post\" data-elementor-id=\"13748\" class=\"elementor elementor-13748\">\n\t\t\t\t\t\t<section class=\"elementor-section elementor-top-section elementor-element elementor-element-563c2bd elementor-section-stretched elementor-section-boxed elementor-section-height-default elementor-section-height-default exad-glass-effect-no exad-sticky-section-no\" data-id=\"563c2bd\" data-element_type=\"section\" data-e-type=\"section\" data-settings=\"{&quot;stretch_section&quot;:&quot;section-stretched&quot;}\">\n\t\t\t\t\t\t<div class=\"elementor-container elementor-column-gap-default\">\n\t\t\t\t\t<div class=\"elementor-column elementor-col-100 elementor-top-column elementor-element elementor-element-b4e9185 exad-glass-effect-no exad-sticky-section-no\" data-id=\"b4e9185\" data-element_type=\"column\" data-e-type=\"column\">\n\t\t\t<div class=\"elementor-widget-wrap elementor-element-populated\">\n\t\t\t\t\t\t<div class=\"elementor-element elementor-element-de97e6b exad-sticky-section-no exad-glass-effect-no elementor-widget elementor-widget-heading\" data-id=\"de97e6b\" data-element_type=\"widget\" data-e-type=\"widget\" data-widget_type=\"heading.default\">\n\t\t\t\t<div class=\"elementor-widget-container\">\n\t\t\t\t\t<h2 class=\"elementor-heading-title elementor-size-default\">F\u00f6rderung der Innovationsallianz Baden-W\u00fcrttemberg 2026<\/h2>\t\t\t\t<\/div>\n\t\t\t\t<\/div>\n\t\t\t\t\t<\/div>\n\t\t<\/div>\n\t\t\t\t\t<\/div>\n\t\t<\/section>\n\t\t\t\t<section class=\"elementor-section elementor-top-section elementor-element elementor-element-e40dee4 elementor-section-boxed elementor-section-height-default elementor-section-height-default exad-glass-effect-no exad-sticky-section-no\" data-id=\"e40dee4\" data-element_type=\"section\" data-e-type=\"section\">\n\t\t\t\t\t\t<div class=\"elementor-container elementor-column-gap-default\">\n\t\t\t\t\t<div class=\"elementor-column elementor-col-100 elementor-top-column elementor-element elementor-element-03bc15a exad-glass-effect-no exad-sticky-section-no\" data-id=\"03bc15a\" data-element_type=\"column\" data-e-type=\"column\">\n\t\t\t<div class=\"elementor-widget-wrap elementor-element-populated\">\n\t\t\t\t\t\t<div class=\"elementor-element elementor-element-2855b05 exad-sticky-section-no exad-glass-effect-no elementor-widget elementor-widget-text-editor\" data-id=\"2855b05\" data-element_type=\"widget\" data-e-type=\"widget\" data-widget_type=\"text-editor.default\">\n\t\t\t\t<div class=\"elementor-widget-container\">\n\t\t\t\t\t\t\t\t\t<p>Das Ministerium f\u00fcr Wirtschaft, Arbeit und Tourismus Baden-W\u00fcrttemberg unterst\u00fctzt die Forschungsinstitute der Extern: Innovationsallianz Baden-W\u00fcrttemberg (innBW) im Jahr 2026 mit einer Grundfinanzierung in H\u00f6he von rund 40,6 Millionen Euro. Auch unser Institut ist Teil der Innovationsallianz Baden-W\u00fcrttemberg und profitiert von dieser F\u00f6rderung. Die bereitgestellten Mittel tragen dazu bei, unsere Forschungs- und Entwicklungsaktivit\u00e4ten weiter auszubauen und innovative Projekte erfolgreich voranzutreiben.<\/p>\n<p>&nbsp;<\/p>\n<p><a href=\"https:\/\/www.baden-wuerttemberg.de\/de\/service\/presse\/pressemitteilung\/pid\/land-staerkt-innovationsallianz-mit-ueber-40-millionen-euro?&#038;pk_medium=newsletter&#038;pk_campaign=260420_newsletter_daily&#038;pk_source=newsletter_daily&#038;pk_content=Land+st%C3%A4rkt+Innovationsallianz+mit+%C3%BCber+40+Millionen+Euro \">Den Link zum Artikel finden Sie hier<\/a><\/p>\t\t\t\t\t\t\t\t<\/div>\n\t\t\t\t<\/div>\n\t\t\t\t\t<\/div>\n\t\t<\/div>\n\t\t\t\t\t<\/div>\n\t\t<\/section>\n\t\t\t\t<\/div>\n\t\t","protected":false},"excerpt":{"rendered":"<p>Das Land Baden-W\u00fcrttemberg st\u00e4rkt die anwendungsnahe Forschung: Auch unser Institut profitiert von der F\u00f6rderung der Innovationsallianz Baden-W\u00fcrttemberg (innBW).<\/p>\n","protected":false},"author":1,"featured_media":13749,"comment_status":"closed","ping_status":"closed","sticky":false,"template":"","format":"standard","meta":{"footnotes":""},"categories":[1],"tags":[],"class_list":["post-13748","post","type-post","status-publish","format-standard","has-post-thumbnail","hentry","category-news"],"yoast_head":"<!-- This site is optimized with the Yoast SEO plugin v27.4 - https:\/\/yoast.com\/product\/yoast-seo-wordpress\/ -->\n<title>F\u00f6rderung der Innovationsallianz Baden-W\u00fcrttemberg 2026 - Institut f\u00fcr Mikroelektronik Stuttgart<\/title>\n<meta name=\"description\" content=\"F\u00f6rderung der Innovationsallianz Baden-W\u00fcrttemberg 2026\" \/>\n<meta name=\"robots\" content=\"index, follow, max-snippet:-1, max-image-preview:large, max-video-preview:-1\" \/>\n<link rel=\"canonical\" href=\"https:\/\/www.ims-chips.de\/?p=13748\" \/>\n<meta property=\"og:locale\" content=\"de_DE\" \/>\n<meta property=\"og:type\" content=\"article\" \/>\n<meta property=\"og:title\" content=\"F\u00f6rderung der Innovationsallianz Baden-W\u00fcrttemberg 2026 - Institut f\u00fcr Mikroelektronik Stuttgart\" \/>\n<meta property=\"og:description\" content=\"F\u00f6rderung der Innovationsallianz Baden-W\u00fcrttemberg 2026\" \/>\n<meta property=\"og:url\" content=\"https:\/\/www.ims-chips.de\/?p=13748\" \/>\n<meta property=\"og:site_name\" content=\"Institut f\u00fcr Mikroelektronik Stuttgart\" \/>\n<meta property=\"article:published_time\" content=\"2026-04-27T08:53:41+00:00\" \/>\n<meta property=\"article:modified_time\" content=\"2026-04-27T09:01:18+00:00\" \/>\n<meta property=\"og:image\" content=\"https:\/\/www.ims-chips.de\/wp-content\/uploads\/2026\/04\/inbw-300x162-1.jpg\" \/>\n\t<meta property=\"og:image:width\" content=\"300\" \/>\n\t<meta property=\"og:image:height\" content=\"162\" \/>\n\t<meta property=\"og:image:type\" content=\"image\/jpeg\" \/>\n<meta name=\"author\" content=\"meier\" \/>\n<meta name=\"twitter:card\" content=\"summary_large_image\" \/>\n<meta name=\"twitter:label1\" content=\"Verfasst von\" \/>\n\t<meta name=\"twitter:data1\" content=\"meier\" \/>\n<script type=\"application\/ld+json\" class=\"yoast-schema-graph\">{\"@context\":\"https:\\\/\\\/schema.org\",\"@graph\":[{\"@type\":\"Article\",\"@id\":\"https:\\\/\\\/www.ims-chips.de\\\/?p=13748#article\",\"isPartOf\":{\"@id\":\"https:\\\/\\\/www.ims-chips.de\\\/?p=13748\"},\"author\":{\"name\":\"meier\",\"@id\":\"https:\\\/\\\/www.ims-chips.de\\\/#\\\/schema\\\/person\\\/9839fb63530e7563aa83867413b8c6e7\"},\"headline\":\"F\u00f6rderung der Innovationsallianz Baden-W\u00fcrttemberg 2026\",\"datePublished\":\"2026-04-27T08:53:41+00:00\",\"dateModified\":\"2026-04-27T09:01:18+00:00\",\"mainEntityOfPage\":{\"@id\":\"https:\\\/\\\/www.ims-chips.de\\\/?p=13748\"},\"wordCount\":85,\"publisher\":{\"@id\":\"https:\\\/\\\/www.ims-chips.de\\\/#organization\"},\"image\":{\"@id\":\"https:\\\/\\\/www.ims-chips.de\\\/?p=13748#primaryimage\"},\"thumbnailUrl\":\"https:\\\/\\\/www.ims-chips.de\\\/wp-content\\\/uploads\\\/2026\\\/04\\\/inbw-300x162-1.jpg\",\"articleSection\":[\"News\"],\"inLanguage\":\"de\"},{\"@type\":\"WebPage\",\"@id\":\"https:\\\/\\\/www.ims-chips.de\\\/?p=13748\",\"url\":\"https:\\\/\\\/www.ims-chips.de\\\/?p=13748\",\"name\":\"F\u00f6rderung der Innovationsallianz Baden-W\u00fcrttemberg 2026 - Institut f\u00fcr Mikroelektronik Stuttgart\",\"isPartOf\":{\"@id\":\"https:\\\/\\\/www.ims-chips.de\\\/#website\"},\"primaryImageOfPage\":{\"@id\":\"https:\\\/\\\/www.ims-chips.de\\\/?p=13748#primaryimage\"},\"image\":{\"@id\":\"https:\\\/\\\/www.ims-chips.de\\\/?p=13748#primaryimage\"},\"thumbnailUrl\":\"https:\\\/\\\/www.ims-chips.de\\\/wp-content\\\/uploads\\\/2026\\\/04\\\/inbw-300x162-1.jpg\",\"datePublished\":\"2026-04-27T08:53:41+00:00\",\"dateModified\":\"2026-04-27T09:01:18+00:00\",\"description\":\"F\u00f6rderung der Innovationsallianz Baden-W\u00fcrttemberg 2026\",\"breadcrumb\":{\"@id\":\"https:\\\/\\\/www.ims-chips.de\\\/?p=13748#breadcrumb\"},\"inLanguage\":\"de\",\"potentialAction\":[{\"@type\":\"ReadAction\",\"target\":[\"https:\\\/\\\/www.ims-chips.de\\\/?p=13748\"]}]},{\"@type\":\"ImageObject\",\"inLanguage\":\"de\",\"@id\":\"https:\\\/\\\/www.ims-chips.de\\\/?p=13748#primaryimage\",\"url\":\"https:\\\/\\\/www.ims-chips.de\\\/wp-content\\\/uploads\\\/2026\\\/04\\\/inbw-300x162-1.jpg\",\"contentUrl\":\"https:\\\/\\\/www.ims-chips.de\\\/wp-content\\\/uploads\\\/2026\\\/04\\\/inbw-300x162-1.jpg\",\"width\":300,\"height\":162,\"caption\":\"innBW\"},{\"@type\":\"BreadcrumbList\",\"@id\":\"https:\\\/\\\/www.ims-chips.de\\\/?p=13748#breadcrumb\",\"itemListElement\":[{\"@type\":\"ListItem\",\"position\":1,\"name\":\"Startseite\",\"item\":\"https:\\\/\\\/www.ims-chips.de\\\/\"},{\"@type\":\"ListItem\",\"position\":2,\"name\":\"F\u00f6rderung der Innovationsallianz Baden-W\u00fcrttemberg 2026\"}]},{\"@type\":\"WebSite\",\"@id\":\"https:\\\/\\\/www.ims-chips.de\\\/#website\",\"url\":\"https:\\\/\\\/www.ims-chips.de\\\/\",\"name\":\"Institut f\u00fcr Mikroelektronik Stuttgart\",\"description\":\"\",\"publisher\":{\"@id\":\"https:\\\/\\\/www.ims-chips.de\\\/#organization\"},\"potentialAction\":[{\"@type\":\"SearchAction\",\"target\":{\"@type\":\"EntryPoint\",\"urlTemplate\":\"https:\\\/\\\/www.ims-chips.de\\\/?s={search_term_string}\"},\"query-input\":{\"@type\":\"PropertyValueSpecification\",\"valueRequired\":true,\"valueName\":\"search_term_string\"}}],\"inLanguage\":\"de\"},{\"@type\":\"Organization\",\"@id\":\"https:\\\/\\\/www.ims-chips.de\\\/#organization\",\"name\":\"Institut f\u00fcr Mikroelektronik Stuttgart\",\"alternateName\":\"IMS CHIPS\",\"url\":\"https:\\\/\\\/www.ims-chips.de\\\/\",\"logo\":{\"@type\":\"ImageObject\",\"inLanguage\":\"de\",\"@id\":\"https:\\\/\\\/www.ims-chips.de\\\/#\\\/schema\\\/logo\\\/image\\\/\",\"url\":\"https:\\\/\\\/www.ims-chips.de\\\/wp-content\\\/uploads\\\/2020\\\/09\\\/logo_ims.png\",\"contentUrl\":\"https:\\\/\\\/www.ims-chips.de\\\/wp-content\\\/uploads\\\/2020\\\/09\\\/logo_ims.png\",\"width\":262,\"height\":65,\"caption\":\"Institut f\u00fcr Mikroelektronik Stuttgart\"},\"image\":{\"@id\":\"https:\\\/\\\/www.ims-chips.de\\\/#\\\/schema\\\/logo\\\/image\\\/\"}},{\"@type\":\"Person\",\"@id\":\"https:\\\/\\\/www.ims-chips.de\\\/#\\\/schema\\\/person\\\/9839fb63530e7563aa83867413b8c6e7\",\"name\":\"meier\",\"sameAs\":[\"https:\\\/\\\/www.ims-chips.de\"]}]}<\/script>\n<!-- \/ Yoast SEO plugin. -->","yoast_head_json":{"title":"F\u00f6rderung der Innovationsallianz Baden-W\u00fcrttemberg 2026 - Institut f\u00fcr Mikroelektronik Stuttgart","description":"F\u00f6rderung der Innovationsallianz Baden-W\u00fcrttemberg 2026","robots":{"index":"index","follow":"follow","max-snippet":"max-snippet:-1","max-image-preview":"max-image-preview:large","max-video-preview":"max-video-preview:-1"},"canonical":"https:\/\/www.ims-chips.de\/?p=13748","og_locale":"de_DE","og_type":"article","og_title":"F\u00f6rderung der Innovationsallianz Baden-W\u00fcrttemberg 2026 - Institut f\u00fcr Mikroelektronik Stuttgart","og_description":"F\u00f6rderung der Innovationsallianz Baden-W\u00fcrttemberg 2026","og_url":"https:\/\/www.ims-chips.de\/?p=13748","og_site_name":"Institut f\u00fcr Mikroelektronik Stuttgart","article_published_time":"2026-04-27T08:53:41+00:00","article_modified_time":"2026-04-27T09:01:18+00:00","og_image":[{"width":300,"height":162,"url":"https:\/\/www.ims-chips.de\/wp-content\/uploads\/2026\/04\/inbw-300x162-1.jpg","type":"image\/jpeg"}],"author":"meier","twitter_card":"summary_large_image","twitter_misc":{"Verfasst von":"meier"},"schema":{"@context":"https:\/\/schema.org","@graph":[{"@type":"Article","@id":"https:\/\/www.ims-chips.de\/?p=13748#article","isPartOf":{"@id":"https:\/\/www.ims-chips.de\/?p=13748"},"author":{"name":"meier","@id":"https:\/\/www.ims-chips.de\/#\/schema\/person\/9839fb63530e7563aa83867413b8c6e7"},"headline":"F\u00f6rderung der Innovationsallianz Baden-W\u00fcrttemberg 2026","datePublished":"2026-04-27T08:53:41+00:00","dateModified":"2026-04-27T09:01:18+00:00","mainEntityOfPage":{"@id":"https:\/\/www.ims-chips.de\/?p=13748"},"wordCount":85,"publisher":{"@id":"https:\/\/www.ims-chips.de\/#organization"},"image":{"@id":"https:\/\/www.ims-chips.de\/?p=13748#primaryimage"},"thumbnailUrl":"https:\/\/www.ims-chips.de\/wp-content\/uploads\/2026\/04\/inbw-300x162-1.jpg","articleSection":["News"],"inLanguage":"de"},{"@type":"WebPage","@id":"https:\/\/www.ims-chips.de\/?p=13748","url":"https:\/\/www.ims-chips.de\/?p=13748","name":"F\u00f6rderung der Innovationsallianz Baden-W\u00fcrttemberg 2026 - Institut f\u00fcr Mikroelektronik Stuttgart","isPartOf":{"@id":"https:\/\/www.ims-chips.de\/#website"},"primaryImageOfPage":{"@id":"https:\/\/www.ims-chips.de\/?p=13748#primaryimage"},"image":{"@id":"https:\/\/www.ims-chips.de\/?p=13748#primaryimage"},"thumbnailUrl":"https:\/\/www.ims-chips.de\/wp-content\/uploads\/2026\/04\/inbw-300x162-1.jpg","datePublished":"2026-04-27T08:53:41+00:00","dateModified":"2026-04-27T09:01:18+00:00","description":"F\u00f6rderung der Innovationsallianz Baden-W\u00fcrttemberg 2026","breadcrumb":{"@id":"https:\/\/www.ims-chips.de\/?p=13748#breadcrumb"},"inLanguage":"de","potentialAction":[{"@type":"ReadAction","target":["https:\/\/www.ims-chips.de\/?p=13748"]}]},{"@type":"ImageObject","inLanguage":"de","@id":"https:\/\/www.ims-chips.de\/?p=13748#primaryimage","url":"https:\/\/www.ims-chips.de\/wp-content\/uploads\/2026\/04\/inbw-300x162-1.jpg","contentUrl":"https:\/\/www.ims-chips.de\/wp-content\/uploads\/2026\/04\/inbw-300x162-1.jpg","width":300,"height":162,"caption":"innBW"},{"@type":"BreadcrumbList","@id":"https:\/\/www.ims-chips.de\/?p=13748#breadcrumb","itemListElement":[{"@type":"ListItem","position":1,"name":"Startseite","item":"https:\/\/www.ims-chips.de\/"},{"@type":"ListItem","position":2,"name":"F\u00f6rderung der Innovationsallianz Baden-W\u00fcrttemberg 2026"}]},{"@type":"WebSite","@id":"https:\/\/www.ims-chips.de\/#website","url":"https:\/\/www.ims-chips.de\/","name":"Institut f\u00fcr Mikroelektronik Stuttgart","description":"","publisher":{"@id":"https:\/\/www.ims-chips.de\/#organization"},"potentialAction":[{"@type":"SearchAction","target":{"@type":"EntryPoint","urlTemplate":"https:\/\/www.ims-chips.de\/?s={search_term_string}"},"query-input":{"@type":"PropertyValueSpecification","valueRequired":true,"valueName":"search_term_string"}}],"inLanguage":"de"},{"@type":"Organization","@id":"https:\/\/www.ims-chips.de\/#organization","name":"Institut f\u00fcr Mikroelektronik Stuttgart","alternateName":"IMS CHIPS","url":"https:\/\/www.ims-chips.de\/","logo":{"@type":"ImageObject","inLanguage":"de","@id":"https:\/\/www.ims-chips.de\/#\/schema\/logo\/image\/","url":"https:\/\/www.ims-chips.de\/wp-content\/uploads\/2020\/09\/logo_ims.png","contentUrl":"https:\/\/www.ims-chips.de\/wp-content\/uploads\/2020\/09\/logo_ims.png","width":262,"height":65,"caption":"Institut f\u00fcr Mikroelektronik Stuttgart"},"image":{"@id":"https:\/\/www.ims-chips.de\/#\/schema\/logo\/image\/"}},{"@type":"Person","@id":"https:\/\/www.ims-chips.de\/#\/schema\/person\/9839fb63530e7563aa83867413b8c6e7","name":"meier","sameAs":["https:\/\/www.ims-chips.de"]}]}},"_links":{"self":[{"href":"https:\/\/www.ims-chips.de\/index.php?rest_route=\/wp\/v2\/posts\/13748","targetHints":{"allow":["GET"]}}],"collection":[{"href":"https:\/\/www.ims-chips.de\/index.php?rest_route=\/wp\/v2\/posts"}],"about":[{"href":"https:\/\/www.ims-chips.de\/index.php?rest_route=\/wp\/v2\/types\/post"}],"author":[{"embeddable":true,"href":"https:\/\/www.ims-chips.de\/index.php?rest_route=\/wp\/v2\/users\/1"}],"replies":[{"embeddable":true,"href":"https:\/\/www.ims-chips.de\/index.php?rest_route=%2Fwp%2Fv2%2Fcomments&post=13748"}],"version-history":[{"count":7,"href":"https:\/\/www.ims-chips.de\/index.php?rest_route=\/wp\/v2\/posts\/13748\/revisions"}],"predecessor-version":[{"id":13757,"href":"https:\/\/www.ims-chips.de\/index.php?rest_route=\/wp\/v2\/posts\/13748\/revisions\/13757"}],"wp:featuredmedia":[{"embeddable":true,"href":"https:\/\/www.ims-chips.de\/index.php?rest_route=\/wp\/v2\/media\/13749"}],"wp:attachment":[{"href":"https:\/\/www.ims-chips.de\/index.php?rest_route=%2Fwp%2Fv2%2Fmedia&parent=13748"}],"wp:term":[{"taxonomy":"category","embeddable":true,"href":"https:\/\/www.ims-chips.de\/index.php?rest_route=%2Fwp%2Fv2%2Fcategories&post=13748"},{"taxonomy":"post_tag","embeddable":true,"href":"https:\/\/www.ims-chips.de\/index.php?rest_route=%2Fwp%2Fv2%2Ftags&post=13748"}],"curies":[{"name":"wp","href":"https:\/\/api.w.org\/{rel}","templated":true}]}}